{"id":3258,"date":"2024-04-04T10:26:56","date_gmt":"2024-04-04T08:26:56","guid":{"rendered":"https:\/\/uga-universite-avenirs.fr\/?p=3258"},"modified":"2024-04-04T22:43:14","modified_gmt":"2024-04-04T20:43:14","slug":"mircea-polosan","status":"publish","type":"post","link":"https:\/\/uga-universite-avenirs.fr\/?p=3258","title":{"rendered":"Mircea <span class=\"petmaj\">Polosan<\/span>"},"content":{"rendered":"\n<div class=\"wp-block-media-text is-stacked-on-mobile\" style=\"grid-template-columns:23% auto\"><figure class=\"wp-block-media-text__media\"><img loading=\"lazy\" decoding=\"async\" width=\"809\" height=\"809\" src=\"https:\/\/uga-universite-avenirs.fr\/wp-content\/uploads\/2024\/04\/MP-photo-1.png\" alt=\"\" class=\"wp-image-3262 size-full\" srcset=\"https:\/\/uga-universite-avenirs.fr\/wp-content\/uploads\/2024\/04\/MP-photo-1.png 809w, https:\/\/uga-universite-avenirs.fr\/wp-content\/uploads\/2024\/04\/MP-photo-1-300x300.png 300w, https:\/\/uga-universite-avenirs.fr\/wp-content\/uploads\/2024\/04\/MP-photo-1-150x150.png 150w, https:\/\/uga-universite-avenirs.fr\/wp-content\/uploads\/2024\/04\/MP-photo-1-768x768.png 768w, https:\/\/uga-universite-avenirs.fr\/wp-content\/uploads\/2024\/04\/MP-photo-1-676x676.png 676w\" sizes=\"(max-width: 809px) 100vw, 809px\" \/><\/figure><div class=\"wp-block-media-text__content\">\n<p><br><\/p>\n<\/div><\/div>\n\n\n\n<p>Mircea Polosan est m\u00e9decin, docteur en neurosciences, dipl\u00f4m\u00e9 de l\u2019Universit\u00e9 Paris V et Universit\u00e9 de Grenoble Alpes, Professeur de Psychiatrie \u00e0 l\u2019Universit\u00e9 Grenoble Alpes et Praticien Hospitalier au CHU Grenoble. Chef du service de Psychiatrie de l\u2019Adulte du CHU, il est impliqu\u00e9 dans le d\u00e9veloppement d\u2019une expertise de recours, pour pathologies psychiatriques r\u00e9sistantes, ax\u00e9e sur des strat\u00e9gies th\u00e9rapeutiques innovantes, notamment par stimulation c\u00e9r\u00e9brale, en lien avec l\u2019Institut de Neurosciences de Grenoble (Inserm U1216). Il contribue activement \u00e0 la recherche au sein de la Fondation FondaMental (PEPR Propsy) et co-coordonne l\u2019Axe Neurosciences Cliniques du CHU Grenoble. Il est membre fondateur des sections de Modulation C\u00e9r\u00e9brale par Mat\u00e9riel Implant\u00e9 (MCMI) et de France Imaging in Neuropsychiatric Disorders (FIND) de l\u2019Association Fran\u00e7aise de Psychiatrie Biologique et Neuropharmacologie, ainsi que du groupe de recherche international en neuroimagerie en psychiatrie ENIGMA, de la Movement Disorder Society et Stereotactic Academy, ayant plusieurs publications scientifiques dans ces domaines.<\/p>\n\n\n\n<p>Conscient des enjeux de la formation universitaire, il est assesseur du Doyen pour la formation continue \u00e0 l\u2019UFR de M\u00e9decine et Secr\u00e9taire G\u00e9n\u00e9ral du Coll\u00e8ge National des Universitaires de Psychiatrie.<\/p>\n","protected":false},"excerpt":{"rendered":"<p>Mircea Polosan est m\u00e9decin, docteur en neurosciences, dipl\u00f4m\u00e9 de l\u2019Universit\u00e9 Paris V et Universit\u00e9 de Grenoble Alpes, Professeur de Psychiatrie \u00e0 l\u2019Universit\u00e9 Grenoble Alpes et Praticien Hospitalier au CHU Grenoble. Chef du service de Psychiatrie de l\u2019Adulte du CHU, il est impliqu\u00e9 dans le d\u00e9veloppement d\u2019une expertise de recours, pour pathologies psychiatriques r\u00e9sistantes, ax\u00e9e sur [&hellip;]<\/p>\n","protected":false},"author":1,"featured_media":0,"comment_status":"closed","ping_status":"closed","sticky":false,"template":"","format":"standard","meta":{"_monsterinsights_skip_tracking":false,"_monsterinsights_sitenote_active":false,"_monsterinsights_sitenote_note":"","_monsterinsights_sitenote_category":0,"footnotes":""},"categories":[13],"tags":[],"aioseo_notices":[],"_links":{"self":[{"href":"https:\/\/uga-universite-avenirs.fr\/index.php?rest_route=\/wp\/v2\/posts\/3258"}],"collection":[{"href":"https:\/\/uga-universite-avenirs.fr\/index.php?rest_route=\/wp\/v2\/posts"}],"about":[{"href":"https:\/\/uga-universite-avenirs.fr\/index.php?rest_route=\/wp\/v2\/types\/post"}],"author":[{"embeddable":true,"href":"https:\/\/uga-universite-avenirs.fr\/index.php?rest_route=\/wp\/v2\/users\/1"}],"replies":[{"embeddable":true,"href":"https:\/\/uga-universite-avenirs.fr\/index.php?rest_route=%2Fwp%2Fv2%2Fcomments&post=3258"}],"version-history":[{"count":5,"href":"https:\/\/uga-universite-avenirs.fr\/index.php?rest_route=\/wp\/v2\/posts\/3258\/revisions"}],"predecessor-version":[{"id":3269,"href":"https:\/\/uga-universite-avenirs.fr\/index.php?rest_route=\/wp\/v2\/posts\/3258\/revisions\/3269"}],"wp:attachment":[{"href":"https:\/\/uga-universite-avenirs.fr\/index.php?rest_route=%2Fwp%2Fv2%2Fmedia&parent=3258"}],"wp:term":[{"taxonomy":"category","embeddable":true,"href":"https:\/\/uga-universite-avenirs.fr\/index.php?rest_route=%2Fwp%2Fv2%2Fcategories&post=3258"},{"taxonomy":"post_tag","embeddable":true,"href":"https:\/\/uga-universite-avenirs.fr\/index.php?rest_route=%2Fwp%2Fv2%2Ftags&post=3258"}],"curies":[{"name":"wp","href":"https:\/\/api.w.org\/{rel}","templated":true}]}}