{"id":3228,"date":"2024-04-03T22:00:20","date_gmt":"2024-04-03T20:00:20","guid":{"rendered":"https:\/\/uga-universite-avenirs.fr\/?p=3228"},"modified":"2024-04-03T22:42:49","modified_gmt":"2024-04-03T20:42:49","slug":"culture-et-culture-scientifique","status":"publish","type":"post","link":"https:\/\/uga-universite-avenirs.fr\/?p=3228","title":{"rendered":"<font color=\"#FFA500\">Culture et Culture scientifique<\/font>"},"content":{"rendered":"\n<em><h2 class=\"wp-block-heading\"><font color=\"#0088A3\">Bilan 2020-2023\u00a0: l&#8217;Universit\u00e9, lieu de Cultures<\/font><\/h2><\/em>\n\n\n\n<p>Depuis sa cr\u00e9ation, l\u2019Universit\u00e9 Grenoble Alpes (UGA) s\u2019est engag\u00e9e \u00e0 promouvoir une culture artistique dynamique et ambitieuse au sein de son institution. L&#8217;UGA ne cesse de d\u00e9ployer une s\u00e9rie d&#8217;initiatives visant \u00e0 enrichir l&#8217;exp\u00e9rience \u00e9tudiante, \u00e0 favoriser la cr\u00e9ation artistique et \u00e0 encourager la m\u00e9diation culturelle.<\/p>\n\n\n\n<p>L\u2019obtention du label <em>Science avec et pour la soci\u00e9t\u00e9<\/em> (SAPS) nous a permis d\u2019engager des projets de grande ampleur&nbsp;:<\/p>\n\n\n\n<ul>\n<li>Ouverture de l\u2019offre de formation \u00e0 la m\u00e9diation scientifique vers tous les personnels de l\u2019UGA. Ateliers autour de la vulgarisation \u00e9crite et orale, initiation aux techniques d\u2019infographie.<\/li>\n\n\n\n<li>Cr\u00e9ation de l\u2019Observatoire Science-Soci\u00e9t\u00e9. Cet outil sert \u00e0 \u00e9tablir une cartographie \u00e9valuative des actions men\u00e9es au sein de l\u2019UGA permettant ainsi de guider les futures actions et la strat\u00e9gie de m\u00e9diation scientifique. Il sert \u00e9galement \u00e0 la recherche en SHS en \u00e9clairant les mutations, les enjeux et les perspectives de la CSTI et son articulation avec les politiques de recherche.<\/li>\n\n\n\n<li>Cr\u00e9ation d\u2019un espace mus\u00e9ographique autour du patrimoine scientifique de l\u2019UGA accueilli \u00e0 la biblioth\u00e8que Joseph Fourier (ouverture pr\u00e9vue en octobre 2024).<\/li>\n\n\n\n<li>R\u00e9alisation d\u2019un nouveau sentier plan\u00e9taire au c\u0153ur du campus (livraison pr\u00e9vue \u00e0 l\u2019automne 2024)<\/li>\n<\/ul>\n\n\n\n<p>La vocation artistique de l\u2019UGA s\u2019est \u00e9galement exprim\u00e9e dans la r\u00e9alisation de diff\u00e9rentes \u0153uvres d\u2019art.<\/p>\n\n\n\n<ul>\n<li>Fresque de <em>street art<\/em> sur le b\u00e2timent GreEn-ER situ\u00e9 sur le campus ouest.<\/li>\n\n\n\n<li>L\u2019\u0153uvre monumentale <em>Place du Torrent<\/em> face au restaurant Diderot. Les usagers se sont appropri\u00e9 cette \u0153uvre centrale du campus qui ne laisse personne indiff\u00e9rent.<\/li>\n\n\n\n<li>\u00ab&nbsp;<em>Chaque jour est un magnifique jour<\/em>&nbsp;\u00bb. Cette \u0153uvre r\u00e9alis\u00e9e dans le cadre du 1% artistique trouve parfaitement sa place dans l\u2019\u00e9crin qu\u2019est la MaCI.<\/li>\n\n\n\n<li>\u00ab&nbsp;<em>Vestiges<\/em>&nbsp;\u00bb, une \u0153uvre po\u00e9tique et contemplative au c\u0153ur de la foret d\u2019\u00e9pic\u00e9as du campus.<\/li>\n<\/ul>\n\n\n\n<hr class=\"wp-block-separator has-alpha-channel-opacity\"\/>\n\n\n\n<em><h2 class=\"wp-block-heading\"><font color=\"#0088A3\">Programme 2024-2027\u00a0: Arts et Sciences, cultivons l&#8217;avenir ensemble<\/font><\/h2><\/em>\n\n\n\n<p>Au c\u0153ur de nos missions de service public, nous maintenons notre engagement en faveur de la culture et de la culture scientifique. En offrant \u00e0 la soci\u00e9t\u00e9 une vitrine sur nos recherches en laboratoire, ainsi qu&#8217;une programmation artistique riche et exigeante pour nos \u00e9tudiants et notre personnel, nous contribuons \u00e0 enrichir les \u00e9changes et \u00e0 promouvoir la connaissance.<\/p>\n\n\n\n<p>Nous souhaitons continuer \u00e0 d\u00e9velopper nos missions notamment\u00a0:<\/p>\n\n\n\n<ul>\n<li>En r\u00e9pondant \u00e0 tous les appels d\u2019offre nationaux et r\u00e9gionaux afin d\u2019assurer les moyens d\u2019une politique ambitieuse,<\/li>\n\n\n\n<li>En offrant aux composantes et au laboratoires un accompagnement efficace pour mener \u00e0 bien leurs actions aupr\u00e8s de la soci\u00e9t\u00e9 civile,<\/li>\n\n\n\n<li>En conservant et enrichissant le patrimoine artistique et culturel de l\u2019UGA,<\/li>\n\n\n\n<li>En incluant des artistes dans nos formations pour assurer des liens forts avec le tissu professionnel,<\/li>\n\n\n\n<li>En soutenant les associations \u00e9tudiantes dans leurs projets artistiques ou de m\u00e9diation scientifique,<\/li>\n<\/ul>\n\n\n\n<p>Toutes les actions que nous entreprendrons prendront en ligne de compte les dimensions de responsabilit\u00e9 \u00e9cologique et \u00e9galement de parit\u00e9 femmes-hommes.\u00a0Les cultures artistiques et scientifiques sont au c\u0153ur de l\u2019identit\u00e9 de notre universit\u00e9. Nous souhaitons conserver cette richesse et cette attractivit\u00e9<\/p>\n","protected":false},"excerpt":{"rendered":"<p>Bilan 2020-2023\u00a0: l&#8217;Universit\u00e9, lieu de Cultures Depuis sa cr\u00e9ation, l\u2019Universit\u00e9 Grenoble Alpes (UGA) s\u2019est engag\u00e9e \u00e0 promouvoir une culture artistique dynamique et ambitieuse au sein de son institution. L&#8217;UGA ne cesse de d\u00e9ployer une s\u00e9rie d&#8217;initiatives visant \u00e0 enrichir l&#8217;exp\u00e9rience \u00e9tudiante, \u00e0 favoriser la cr\u00e9ation artistique et \u00e0 encourager la m\u00e9diation culturelle. L\u2019obtention du label [&hellip;]<\/p>\n","protected":false},"author":1,"featured_media":0,"comment_status":"closed","ping_status":"closed","sticky":false,"template":"","format":"standard","meta":{"_monsterinsights_skip_tracking":false,"_monsterinsights_sitenote_active":false,"_monsterinsights_sitenote_note":"","_monsterinsights_sitenote_category":0,"footnotes":""},"categories":[14],"tags":[],"aioseo_notices":[],"_links":{"self":[{"href":"https:\/\/uga-universite-avenirs.fr\/index.php?rest_route=\/wp\/v2\/posts\/3228"}],"collection":[{"href":"https:\/\/uga-universite-avenirs.fr\/index.php?rest_route=\/wp\/v2\/posts"}],"about":[{"href":"https:\/\/uga-universite-avenirs.fr\/index.php?rest_route=\/wp\/v2\/types\/post"}],"author":[{"embeddable":true,"href":"https:\/\/uga-universite-avenirs.fr\/index.php?rest_route=\/wp\/v2\/users\/1"}],"replies":[{"embeddable":true,"href":"https:\/\/uga-universite-avenirs.fr\/index.php?rest_route=%2Fwp%2Fv2%2Fcomments&post=3228"}],"version-history":[{"count":13,"href":"https:\/\/uga-universite-avenirs.fr\/index.php?rest_route=\/wp\/v2\/posts\/3228\/revisions"}],"predecessor-version":[{"id":3247,"href":"https:\/\/uga-universite-avenirs.fr\/index.php?rest_route=\/wp\/v2\/posts\/3228\/revisions\/3247"}],"wp:attachment":[{"href":"https:\/\/uga-universite-avenirs.fr\/index.php?rest_route=%2Fwp%2Fv2%2Fmedia&parent=3228"}],"wp:term":[{"taxonomy":"category","embeddable":true,"href":"https:\/\/uga-universite-avenirs.fr\/index.php?rest_route=%2Fwp%2Fv2%2Fcategories&post=3228"},{"taxonomy":"post_tag","embeddable":true,"href":"https:\/\/uga-universite-avenirs.fr\/index.php?rest_route=%2Fwp%2Fv2%2Ftags&post=3228"}],"curies":[{"name":"wp","href":"https:\/\/api.w.org\/{rel}","templated":true}]}}